{"id":4564,"date":"2026-08-24T08:15:54","date_gmt":"2026-08-24T06:15:54","guid":{"rendered":"https:\/\/przestrzenodnowa.pl\/sklep\/?p=4564"},"modified":"2026-08-28T09:46:19","modified_gmt":"2026-08-28T07:46:19","slug":"aktywacja-rekawic-i-czyscikow-raypath","status":"publish","type":"post","link":"https:\/\/przestrzenodnowa.pl\/sklep\/porady\/aktywacja-rekawic-i-czyscikow-raypath\/","title":{"rendered":"Aktywacja r\u0119kawic i czy\u015bcik\u00f3w Raypath: pranie przed pierwszym u\u017cyciem"},"content":{"rendered":"\n<p class=\"wp-block-paragraph\">Nowe r\u0119kawice i czy\u015bciki Raypath wymagaj\u0105 wyprania, zanim po raz pierwszy dotkn\u0105 sprz\u0105tanej powierzchni. Ta czynno\u015b\u0107 nazywa si\u0119 aktywacj\u0105 i decyduje o tym, jak materia\u0142 pracuje od samego pocz\u0105tku. Bez niej w\u0142\u00f3kno zbiera zabrudzenia s\u0142abiej i potrafi zostawia\u0107 osad na szkle czy blacie. <strong>Aktywacja r\u0119kawic i czy\u015bcik\u00f3w Raypath<\/strong> zajmuje tyle czasu, co jeden cykl w pralce, a procedura jest wsp\u00f3lna dla obu rodzaj\u00f3w produkt\u00f3w. Poni\u017cej znajdziesz komplet parametr\u00f3w: temperatur\u0119, obroty, spos\u00f3b \u0142adowania do b\u0119bna, list\u0119 produkt\u00f3w, kt\u00f3re aktywacji nie wymagaj\u0105, oraz zasady prania w trakcie u\u017cytkowania.<\/p>\n\n\n\n<h2 class=\"wp-block-heading\">Czym jest aktywacja i dlaczego jest konieczna<\/h2>\n\n\n\n<p class=\"wp-block-paragraph\">Materia\u0142, kt\u00f3ry wychodzi z produkcji, nie jest jeszcze gotowy do pracy. Na w\u0142\u00f3knach zostaj\u0105 pozosta\u0142o\u015bci procesu wytwarzania, a same w\u0142\u00f3kna s\u0105 \u015bci\u015bni\u0119te i zamkni\u0119te. Pierwsze pranie usuwa te pozosta\u0142o\u015bci i otwiera struktur\u0119 materia\u0142u w k\u0105pieli wodnej. Dopiero po tym zabiegu mikrow\u0142\u00f3kno zaczyna wch\u0142ania\u0107 wod\u0119 i zabrudzenia do wn\u0119trza, zamiast rozprowadza\u0107 je po powierzchni.<\/p>\n\n\n\n<p class=\"wp-block-paragraph\">To dlatego czy\u015bcik u\u017cyty prosto z opakowania sprawia wra\u017cenie mniej skutecznego, ni\u017c zapowiada opis produktu. Nie chodzi o wad\u0119 materia\u0142u, tylko o etap, kt\u00f3rego jeszcze nie przeszed\u0142. Aktywacj\u0119 wykonuje si\u0119 jeden raz, na samym pocz\u0105tku. Wszystkie p\u00f3\u017aniejsze prania to ju\u017c zwyk\u0142a rutyna, opisana w dalszej cz\u0119\u015bci tekstu.<\/p>\n\n\n\n<h2 class=\"wp-block-heading\">Aktywacja krok po kroku<\/h2>\n\n\n\n<p class=\"wp-block-paragraph\">Ca\u0142a procedura mie\u015bci si\u0119 w jednym cyklu prania i wygl\u0105da tak samo dla r\u0119kawic i dla czy\u015bcik\u00f3w.<\/p>\n\n\n\n<ol class=\"wp-block-list\">\n<li>Zdejmij z materia\u0142u metki, naklejki i etykiety, poniewa\u017c klej podgrzany w praniu potrafi trwale zwi\u0105za\u0107 si\u0119 z w\u0142\u00f3knem.<\/li>\n\n\n\n<li>W\u0142\u00f3\u017c produkty do pralki bez \u017cadnego \u015brodka pior\u0105cego, poniewa\u017c aktywacja polega na kontakcie w\u0142\u00f3kna z czyst\u0105 wod\u0105, a nie na jego myciu.<\/li>\n\n\n\n<li>Ustaw temperatur\u0119 <strong>do 60\u00b0C<\/strong>, czyli g\u00f3rn\u0105 granic\u0119, jak\u0105 znosi materia\u0142.<\/li>\n\n\n\n<li>Ustaw wirowanie w zakresie <strong>600-800 obrot\u00f3w<\/strong> na minut\u0119, bo mocniejsze odwirowanie dzia\u0142a na w\u0142\u00f3kno mechanicznie.<\/li>\n\n\n\n<li>Bia\u0142e i be\u017cowe produkty za\u0142aduj do b\u0119bna luzem, a czy\u015bciki Sunbeam w\u0142\u00f3\u017c do worka na bielizn\u0119 o drobnych oczkach.<\/li>\n\n\n\n<li>Po zako\u0144czeniu cyklu rozwie\u015b produkty w przewiewnym miejscu i pozostaw do naturalnego wyschni\u0119cia.<\/li>\n<\/ol>\n\n\n\n<p class=\"wp-block-paragraph\">Aktywacj\u0119 mo\u017cna te\u017c przeprowadzi\u0107 r\u0119cznie, w misce z ciep\u0142\u0105 wod\u0105, z u\u017cyciem <a href=\"https:\/\/przestrzenodnowa.pl\/sklep\/katalog\/rekawice-i-czysciki\/mydlo-z-nanosrebrem\/\">myd\u0142a z nanosrebrem Raypath<\/a>. Pranie w pralce jest jednak \u015bwietnym rozwi\u0105zaniem, bo r\u00f3wnomiernie rozpracowuje ca\u0142\u0105 powierzchni\u0119 materia\u0142u. Suchy, rozprostowany czy\u015bcik po aktywacji jest gotowy do pracy z sam\u0105 wod\u0105.<\/p>\n\n\n\n<h2 class=\"wp-block-heading\">Kt\u00f3re produkty wymagaj\u0105 aktywacji, a kt\u00f3re nie<\/h2>\n\n\n\n<p class=\"wp-block-paragraph\">Zasada jest prosta: kolor materia\u0142u decyduje o tym, czy aktywacja jest potrzebna i jak za\u0142adowa\u0107 produkt do pralki.<\/p>\n\n\n\n<figure class=\"wp-block-table\"><table class=\"has-fixed-layout\"><thead><tr><td><strong>Produkt<\/strong><\/td><td><strong>Aktywacja<\/strong><\/td><td><strong>Spos\u00f3b \u0142adowania do pralki<\/strong><\/td><\/tr><\/thead><tbody><tr><td>R\u0119kawice i czy\u015bciki bia\u0142e (tak\u017ce Nova)<\/td><td>Tak<\/td><td>Do b\u0119bna luzem<\/td><\/tr><tr><td>R\u0119kawice i czy\u015bciki be\u017cowe<\/td><td>Tak<\/td><td>Do b\u0119bna luzem<\/td><\/tr><tr><td>R\u0119kawice i czy\u015bciki r\u00f3\u017cowe<\/td><td>Nie, s\u0105 gotowe do pracy od razu<\/td><td>Do b\u0119bna luzem<\/td><\/tr><tr><td>Czy\u015bciki Sunbeam<\/td><td>Tak<\/td><td>W worku na bielizn\u0119 o drobnych oczkach<\/td><\/tr><\/tbody><\/table><\/figure>\n\n\n\n<p class=\"wp-block-paragraph\">Bia\u0142e i be\u017cowe w\u0142\u00f3kno gubi w pierwszych praniach drobne \u015bcinki, dlatego te produkty pierze si\u0119 luzem, bez towarzystwa ubra\u0144. Czy\u015bcik Sunbeam ma inn\u0105 struktur\u0119 powierzchni i w worku jest po prostu bezpieczniejszy. Pe\u0142ne zestawienie kolor\u00f3w wraz z przeznaczeniem ka\u017cdego z nich znajdziesz w <a href=\"https:\/\/przestrzenodnowa.pl\/sklep\/katalog\/rekawice-i-czysciki\/czysciki\/\">kategorii czy\u015bcik\u00f3w<\/a>.<\/p>\n\n\n\n<h2 class=\"wp-block-heading\">Pranie w trakcie u\u017cytkowania<\/h2>\n\n\n\n<p class=\"wp-block-paragraph\">Bie\u017c\u0105ce p\u0142ukanie i pranie to w\u0142a\u015bciwie dwie r\u00f3\u017cne czynno\u015bci. Po ka\u017cdym sprz\u0105taniu wystarczy wyp\u0142uka\u0107 materia\u0142 w czystej, ciep\u0142ej wodzie i wykr\u0119ci\u0107. Wa\u017cne, \u017ceby zrobi\u0107 to od razu. Zabrudzony czy\u015bcik pozostawiony do wyschni\u0119cia traci elastyczno\u015b\u0107 w\u0142\u00f3kna, a zaschni\u0119ty brud trudniej si\u0119 z niego usuwa. Je\u015bli nie masz czasu na p\u0142ukanie zaraz po pracy, zostaw produkt zanurzony w czystej wodzie i wypierz go p\u00f3\u017aniej.<\/p>\n\n\n\n<p class=\"wp-block-paragraph\">Pranie w\u0142a\u015bciwe wykonuje si\u0119 rzadziej, przy intensywnym u\u017cywaniu mniej wi\u0119cej raz w tygodniu, a przy okazjonalnym co kilka u\u017cy\u0107. Sygna\u0142em jest wyczuwalna t\u0142usto\u015b\u0107 materia\u0142u albo to, \u017ce przestaje on ch\u0142on\u0105\u0107 wod\u0119 tak \u0142atwo jak zwykle. Pierz r\u0119cznie z myd\u0142em z nanosrebrem albo w pralce, w temperaturze <strong>do 60\u00b0C<\/strong> i przy <strong>600\u2013800 obrotach<\/strong>.<\/p>\n\n\n\n<p class=\"wp-block-paragraph\">R\u0119kawice i czy\u015bciki mo\u017cna pra\u0107 razem, zachowuj\u0105 czasad\u0119 o woreczku dla Sunbeam\u00f3w. Suszenie zawsze naturalne, w przewiewie. Przy takiej piel\u0119gnacji materia\u0142 zachowuje w\u0142a\u015bciwo\u015bci przez kilkana\u015bcie lat.<\/p>\n\n\n\n<h2 class=\"wp-block-heading\">Czego nie wolno robi\u0107<\/h2>\n\n\n\n<p class=\"wp-block-paragraph\">Poni\u017csza lista to najkr\u00f3tsza droga do tego, \u017ceby produkty nie s\u0142u\u017cy\u0142y nam tak jak nale\u017cy. Oto czego nie robi\u0107 je\u015bli chcemy, by zakupione pomoce spe\u0142nia\u0142y swoje zadanie i dzia\u0142a\u0142y jak najd\u0142u\u017cej.<\/p>\n\n\n\n<ul class=\"wp-block-list\">\n<li><strong>Proszek i inne detergenty do prania.<\/strong> Osiadaj\u0105 na w\u0142\u00f3knach i zaburzaj\u0105 prac\u0119 materia\u0142u opartego na nanosrebrze, kt\u00f3ry do czyszczenia potrzebuje wy\u0142\u0105cznie wody.<\/li>\n<\/ul>\n\n\n\n<ul class=\"wp-block-list\">\n<li><strong>P\u0142yn do p\u0142ukania.<\/strong> Pokrywa w\u0142\u00f3kno warstw\u0105 zmi\u0119kczaj\u0105c\u0105, zapycha jego struktur\u0119 i trwale ogranicza zdolno\u015b\u0107 wch\u0142aniania zabrudze\u0144.<\/li>\n\n\n\n<li><strong>Wybielacz i odplamiacz.<\/strong> Dzia\u0142aj\u0105 agresywnie na mikrow\u0142\u00f3kno i naruszaj\u0105 jego struktur\u0119, kt\u00f3rej nie da si\u0119 p\u00f3\u017aniej odbudowa\u0107.<\/li>\n\n\n\n<li><strong>Temperatura powy\u017cej 60\u00b0C.<\/strong> W\u0142\u00f3kno zaczyna si\u0119 deformowa\u0107, a materia\u0142 traci spr\u0119\u017cysto\u015b\u0107 potrzebn\u0105 do zbierania zabrudze\u0144.<\/li>\n\n\n\n<li><strong>Wirowanie powy\u017cej 800 obrot\u00f3w.<\/strong> Nadmierne obci\u0105\u017cenie mechaniczne rozci\u0105ga i os\u0142abia struktur\u0119 materia\u0142u.<\/li>\n\n\n\n<li><strong>Suszarka b\u0119bnowa.<\/strong> \u0141\u0105czy wysok\u0105 temperatur\u0119 z ruchem, czyli dwa czynniki, kt\u00f3re najszybciej niszcz\u0105 mikrow\u0142\u00f3kno.<\/li>\n\n\n\n<li><strong>Suszenie na kaloryferze.<\/strong> Punktowe ciep\u0142o wysusza w\u0142\u00f3kno nier\u00f3wnomiernie i usztywnia je.<\/li>\n\n\n\n<li><strong>Prasowanie.<\/strong> Wysoka temperatura \u017celazka zgniata i sp\u0142aszcza w\u0142\u00f3kno, przez co przestaje ono pracowa\u0107 w kontakcie z powierzchni\u0105.<\/li>\n\n\n\n<li><strong>Czyszczenie \u015brodkami chemicznymi.<\/strong> Materia\u0142 pracuje z czyst\u0105 wod\u0105, a preparaty myj\u0105ce zostawiaj\u0105 na nim osad przenoszony potem na kolejne powierzchnie.<\/li>\n<\/ul>\n\n\n\n<p class=\"wp-block-paragraph\">Je\u015bli potrzebujesz wesprze\u0107 pranie \u015brodkiem myj\u0105cym, jedynym bezpiecznym wyborem jest <a href=\"https:\/\/przestrzenodnowa.pl\/sklep\/katalog\/rekawice-i-czysciki\/mydlo-z-nanosrebrem\/\">myd\u0142o z nanosrebrem Raypath<\/a>, przygotowane specjalnie do tych materia\u0142\u00f3w.<\/p>\n\n\n\n<h2 class=\"wp-block-heading\">Przechowywanie<\/h2>\n\n\n\n<p class=\"wp-block-paragraph\">R\u0119kawice i czy\u015bciki przechowuj suche, w przewiewnym miejscu. Wilgotny materia\u0142 zamkni\u0119ty w szafce zaczyna nieprzyjemnie pachnie\u0107, nawet je\u015bli by\u0142 czysty w chwili odk\u0142adania. Najpro\u015bciej rozwiesi\u0107 produkty na suszarce albo na haczyku i przenie\u015b\u0107 je do schowka dopiero wtedy, gdy ca\u0142kowicie wyschn\u0105.<\/p>\n\n\n\n<p class=\"wp-block-paragraph\">Trzymaj je oddzielnie od r\u0119cznik\u00f3w, \u015bcierek i innych tekstyli\u00f3w gubi\u0105cych w\u0142\u00f3kna. Mikrow\u0142\u00f3kno przyci\u0105ga lu\u017ane nitki i k\u0142aczki, kt\u00f3re potem trzeba z niego wybiera\u0107 r\u0119cznie. Nie zamykaj te\u017c produkt\u00f3w w foliowym worku ani w szczelnym pojemniku, bo pozosta\u0142a wilgo\u0107 nie ma jak odparowa\u0107. Otwarty koszyk albo p\u00f3\u0142ka w przewiewnej szafce sprawdz\u0105 si\u0119 najlepiej.<\/p>\n\n\n\n<h2 class=\"wp-block-heading\">Najcz\u0119stsze pytania<\/h2>\n\n\n\n<h3 class=\"wp-block-heading\">Czy r\u0119kawice i czy\u015bciki Raypath mo\u017cna pra\u0107 razem z ubraniami?<\/h3>\n\n\n\n<p class=\"wp-block-paragraph\">Nie jest to dobre rozwi\u0105zanie. Ubrania pierze si\u0119 z detergentem, a materia\u0142y Raypath wymagaj\u0105 prania bez \u015brodk\u00f3w pior\u0105cych lub z myd\u0142em z nanosrebrem. Dodatkowo bia\u0142e i be\u017cowe produkty gubi\u0105 w praniu drobne \u015bcinki w\u0142\u00f3kien, kt\u00f3re osiadaj\u0105 na tkaninach.<\/p>\n\n\n\n<h3 class=\"wp-block-heading\">Co zrobi\u0107, gdy czy\u015bcik zosta\u0142 wyprany z p\u0142ynem do p\u0142ukania?<\/h3>\n\n\n\n<p class=\"wp-block-paragraph\">Wypierz go ponownie w czystej wodzie, w temperaturze do 60\u00b0C, bez \u017cadnego \u015brodka. Kilka takich cykli zwykle usuwa cz\u0119\u015b\u0107 warstwy zmi\u0119kczaj\u0105cej, cho\u0107 skuteczno\u015b\u0107 materia\u0142u mo\u017ce przez to zosta\u0107 os\u0142abiona.<\/p>\n\n\n\n<h3 class=\"wp-block-heading\">Po czym pozna\u0107, \u017ce czy\u015bcik straci\u0142 w\u0142a\u015bciwo\u015bci?<\/h3>\n\n\n\n<p class=\"wp-block-paragraph\">Materia\u0142 przestaje wch\u0142ania\u0107 wod\u0119, \u015blizga si\u0119 po powierzchni zamiast zbiera\u0107 brud i zostawia smugi mimo prawid\u0142owego u\u017cycia. Wcze\u015bniejszym sygna\u0142em jest wyczuwalna sztywno\u015b\u0107 lub t\u0142usto\u015b\u0107 w\u0142\u00f3kna, kt\u00f3ra nie ust\u0119puje po praniu.<\/p>\n\n\n\n<h3 class=\"wp-block-heading\">Ile pra\u0144 wytrzymuj\u0105 produkty Raypath?<\/h3>\n\n\n\n<p class=\"wp-block-paragraph\">Przy piel\u0119gnacji zgodnej z powy\u017cszymi zasadami materia\u0142y s\u0142u\u017c\u0105 kilkana\u015bcie lat, a liczba pra\u0144 w tym czasie zale\u017cy od intensywno\u015bci u\u017cywania. Czynnikiem, kt\u00f3ry skraca ten okres, nie jest sama liczba cykli, tylko pranie w niew\u0142a\u015bciwych warunkach.<\/p>\n\n\n\n<p class=\"wp-block-paragraph\">Je\u015bli po tej instrukcji masz jeszcze pytania o konkretny produkt lub spos\u00f3b jego piel\u0119gnacji, <a href=\"https:\/\/przestrzenodnowa.pl\/kontakt\/\">napisz do mnie<\/a>. Odpowiem na wiadomo\u015bci osobi\u015bcie.<\/p>\n\n\n\n<p class=\"wp-block-paragraph\"><\/p>\n","protected":false},"excerpt":{"rendered":"<p>Nowe r\u0119kawice i czy\u015bciki Raypath wymagaj\u0105 wyprania, zanim po raz pierwszy dotkn\u0105 sprz\u0105tanej&#8230;<\/p>\n","protected":false},"author":14,"featured_media":4566,"comment_status":"closed","ping_status":"closed","sticky":false,"template":"","format":"standard","meta":{"_acf_changed":false,"footnotes":""},"categories":[1],"tags":[],"class_list":["post-4564","post","type-post","status-publish","format-standard","has-post-thumbnail","hentry","category-bez-kategorii"],"yoast_head":"<title>Aktywacja r\u0119kawic i czy\u015bcik\u00f3w Raypath: pranie przed pierwszym u\u017cyciem<\/title>\n<meta name=\"description\" content=\"Jak aktywowa\u0107 r\u0119kawice i czy\u015bciki Raypath przed pierwszym u\u017cyciem: temperatura, obroty, czego nigdy nie u\u017cywa\u0107 do prania oraz zasady przechowywania.\" \/>\n<meta name=\"robots\" content=\"index, follow, max-snippet:-1, max-image-preview:large, max-video-preview:-1\" \/>\n<link rel=\"canonical\" href=\"https:\/\/przestrzenodnowa.pl\/sklep\/porady\/aktywacja-rekawic-i-czyscikow-raypath\/\" \/>\n<meta property=\"og:locale\" content=\"pl_PL\" \/>\n<meta property=\"og:type\" content=\"article\" \/>\n<meta property=\"og:title\" content=\"Aktywacja r\u0119kawic i czy\u015bcik\u00f3w Raypath: pranie przed pierwszym u\u017cyciem\" \/>\n<meta property=\"og:description\" content=\"Jak aktywowa\u0107 r\u0119kawice i czy\u015bciki Raypath przed pierwszym u\u017cyciem: temperatura, obroty, czego nigdy nie u\u017cywa\u0107 do prania oraz zasady przechowywania.\" \/>\n<meta property=\"og:url\" content=\"https:\/\/przestrzenodnowa.pl\/sklep\/porady\/aktywacja-rekawic-i-czyscikow-raypath\/\" \/>\n<meta property=\"og:site_name\" content=\"Przestrze\u0144 Od Nowa Sklep\" \/>\n<meta property=\"article:published_time\" content=\"2026-08-24T06:15:54+00:00\" \/>\n<meta property=\"article:modified_time\" content=\"2026-08-28T07:46:19+00:00\" \/>\n<meta property=\"og:image\" content=\"https:\/\/przestrzenodnowa.pl\/sklep\/wp-content\/uploads\/sites\/2\/2026\/08\/aktywacja-rekawic-i-czyscikow-raypath.webp\" \/>\n\t<meta property=\"og:image:width\" content=\"1536\" \/>\n\t<meta property=\"og:image:height\" content=\"1024\" \/>\n\t<meta property=\"og:image:type\" content=\"image\/webp\" \/>\n<meta name=\"author\" content=\"krzysztof\" \/>\n<script type=\"application\/ld+json\" class=\"yoast-schema-graph\">{\"@context\":\"https:\\\/\\\/schema.org\",\"@graph\":[{\"@type\":\"Article\",\"@id\":\"https:\\\/\\\/przestrzenodnowa.pl\\\/sklep\\\/porady\\\/aktywacja-rekawic-i-czyscikow-raypath\\\/#article\",\"isPartOf\":{\"@id\":\"https:\\\/\\\/przestrzenodnowa.pl\\\/sklep\\\/porady\\\/aktywacja-rekawic-i-czyscikow-raypath\\\/\"},\"author\":{\"name\":\"krzysztof\",\"@id\":\"https:\\\/\\\/przestrzenodnowa.pl\\\/sklep\\\/#\\\/schema\\\/person\\\/0935098b1b74aa3aebcd9ee9406e6dc2\"},\"headline\":\"Aktywacja r\u0119kawic i czy\u015bcik\u00f3w Raypath: pranie przed pierwszym u\u017cyciem\",\"datePublished\":\"2026-08-24T06:15:54+00:00\",\"dateModified\":\"2026-08-28T07:46:19+00:00\",\"mainEntityOfPage\":{\"@id\":\"https:\\\/\\\/przestrzenodnowa.pl\\\/sklep\\\/porady\\\/aktywacja-rekawic-i-czyscikow-raypath\\\/\"},\"wordCount\":1365,\"publisher\":{\"@id\":\"https:\\\/\\\/przestrzenodnowa.pl\\\/sklep\\\/#organization\"},\"image\":{\"@id\":\"https:\\\/\\\/przestrzenodnowa.pl\\\/sklep\\\/porady\\\/aktywacja-rekawic-i-czyscikow-raypath\\\/#primaryimage\"},\"thumbnailUrl\":\"https:\\\/\\\/przestrzenodnowa.pl\\\/sklep\\\/wp-content\\\/uploads\\\/sites\\\/2\\\/2026\\\/08\\\/aktywacja-rekawic-i-czyscikow-raypath.webp\",\"inLanguage\":\"pl-PL\"},{\"@type\":\"WebPage\",\"@id\":\"https:\\\/\\\/przestrzenodnowa.pl\\\/sklep\\\/porady\\\/aktywacja-rekawic-i-czyscikow-raypath\\\/\",\"url\":\"https:\\\/\\\/przestrzenodnowa.pl\\\/sklep\\\/porady\\\/aktywacja-rekawic-i-czyscikow-raypath\\\/\",\"name\":\"Aktywacja r\u0119kawic i czy\u015bcik\u00f3w Raypath: pranie przed pierwszym u\u017cyciem\",\"isPartOf\":{\"@id\":\"https:\\\/\\\/przestrzenodnowa.pl\\\/sklep\\\/#website\"},\"primaryImageOfPage\":{\"@id\":\"https:\\\/\\\/przestrzenodnowa.pl\\\/sklep\\\/porady\\\/aktywacja-rekawic-i-czyscikow-raypath\\\/#primaryimage\"},\"image\":{\"@id\":\"https:\\\/\\\/przestrzenodnowa.pl\\\/sklep\\\/porady\\\/aktywacja-rekawic-i-czyscikow-raypath\\\/#primaryimage\"},\"thumbnailUrl\":\"https:\\\/\\\/przestrzenodnowa.pl\\\/sklep\\\/wp-content\\\/uploads\\\/sites\\\/2\\\/2026\\\/08\\\/aktywacja-rekawic-i-czyscikow-raypath.webp\",\"datePublished\":\"2026-08-24T06:15:54+00:00\",\"dateModified\":\"2026-08-28T07:46:19+00:00\",\"description\":\"Jak aktywowa\u0107 r\u0119kawice i czy\u015bciki Raypath przed pierwszym u\u017cyciem: temperatura, obroty, czego nigdy nie u\u017cywa\u0107 do prania oraz zasady przechowywania.\",\"breadcrumb\":{\"@id\":\"https:\\\/\\\/przestrzenodnowa.pl\\\/sklep\\\/porady\\\/aktywacja-rekawic-i-czyscikow-raypath\\\/#breadcrumb\"},\"inLanguage\":\"pl-PL\",\"potentialAction\":[{\"@type\":\"ReadAction\",\"target\":[\"https:\\\/\\\/przestrzenodnowa.pl\\\/sklep\\\/porady\\\/aktywacja-rekawic-i-czyscikow-raypath\\\/\"]}]},{\"@type\":\"ImageObject\",\"inLanguage\":\"pl-PL\",\"@id\":\"https:\\\/\\\/przestrzenodnowa.pl\\\/sklep\\\/porady\\\/aktywacja-rekawic-i-czyscikow-raypath\\\/#primaryimage\",\"url\":\"https:\\\/\\\/przestrzenodnowa.pl\\\/sklep\\\/wp-content\\\/uploads\\\/sites\\\/2\\\/2026\\\/08\\\/aktywacja-rekawic-i-czyscikow-raypath.webp\",\"contentUrl\":\"https:\\\/\\\/przestrzenodnowa.pl\\\/sklep\\\/wp-content\\\/uploads\\\/sites\\\/2\\\/2026\\\/08\\\/aktywacja-rekawic-i-czyscikow-raypath.webp\",\"width\":1536,\"height\":1024,\"caption\":\"aktywacja r\u0119kawic i czy\u015bcik\u00f3w raypath\"},{\"@type\":\"BreadcrumbList\",\"@id\":\"https:\\\/\\\/przestrzenodnowa.pl\\\/sklep\\\/porady\\\/aktywacja-rekawic-i-czyscikow-raypath\\\/#breadcrumb\",\"itemListElement\":[{\"@type\":\"ListItem\",\"position\":1,\"name\":\"Strona g\u0142\u00f3wna\",\"item\":\"https:\\\/\\\/przestrzenodnowa.pl\\\/sklep\\\/\"},{\"@type\":\"ListItem\",\"position\":2,\"name\":\"Aktywacja r\u0119kawic i czy\u015bcik\u00f3w Raypath: pranie przed pierwszym u\u017cyciem\"}]},{\"@type\":\"WebSite\",\"@id\":\"https:\\\/\\\/przestrzenodnowa.pl\\\/sklep\\\/#website\",\"url\":\"https:\\\/\\\/przestrzenodnowa.pl\\\/sklep\\\/\",\"name\":\"Przestrze\u0144 Od Nowa Sklep\",\"description\":\"\",\"publisher\":{\"@id\":\"https:\\\/\\\/przestrzenodnowa.pl\\\/sklep\\\/#organization\"},\"potentialAction\":[{\"@type\":\"SearchAction\",\"target\":{\"@type\":\"EntryPoint\",\"urlTemplate\":\"https:\\\/\\\/przestrzenodnowa.pl\\\/sklep\\\/?s={search_term_string}\"},\"query-input\":{\"@type\":\"PropertyValueSpecification\",\"valueRequired\":true,\"valueName\":\"search_term_string\"}}],\"inLanguage\":\"pl-PL\"},{\"@type\":\"Organization\",\"@id\":\"https:\\\/\\\/przestrzenodnowa.pl\\\/sklep\\\/#organization\",\"name\":\"Przestrze\u0144 Od Nowa Sklep\",\"url\":\"https:\\\/\\\/przestrzenodnowa.pl\\\/sklep\\\/\",\"logo\":{\"@type\":\"ImageObject\",\"inLanguage\":\"pl-PL\",\"@id\":\"https:\\\/\\\/przestrzenodnowa.pl\\\/sklep\\\/#\\\/schema\\\/logo\\\/image\\\/\",\"url\":\"https:\\\/\\\/przestrzenodnowa.pl\\\/sklep\\\/wp-content\\\/uploads\\\/sites\\\/2\\\/2025\\\/08\\\/logo-przestrzenodnowa-sklep.png\",\"contentUrl\":\"https:\\\/\\\/przestrzenodnowa.pl\\\/sklep\\\/wp-content\\\/uploads\\\/sites\\\/2\\\/2025\\\/08\\\/logo-przestrzenodnowa-sklep.png\",\"width\":703,\"height\":235,\"caption\":\"Przestrze\u0144 Od Nowa Sklep\"},\"image\":{\"@id\":\"https:\\\/\\\/przestrzenodnowa.pl\\\/sklep\\\/#\\\/schema\\\/logo\\\/image\\\/\"}},{\"@type\":\"Person\",\"@id\":\"https:\\\/\\\/przestrzenodnowa.pl\\\/sklep\\\/#\\\/schema\\\/person\\\/0935098b1b74aa3aebcd9ee9406e6dc2\",\"name\":\"krzysztof\",\"image\":{\"@type\":\"ImageObject\",\"inLanguage\":\"pl-PL\",\"@id\":\"https:\\\/\\\/secure.gravatar.com\\\/avatar\\\/2206547255647f10982b40a12f13dd79d412e9af469d13724ba9f1a1c0c93140?s=96&d=mm&r=g\",\"url\":\"https:\\\/\\\/secure.gravatar.com\\\/avatar\\\/2206547255647f10982b40a12f13dd79d412e9af469d13724ba9f1a1c0c93140?s=96&d=mm&r=g\",\"contentUrl\":\"https:\\\/\\\/secure.gravatar.com\\\/avatar\\\/2206547255647f10982b40a12f13dd79d412e9af469d13724ba9f1a1c0c93140?s=96&d=mm&r=g\",\"caption\":\"krzysztof\"}}]}<\/script>","yoast_head_json":{"title":"Aktywacja r\u0119kawic i czy\u015bcik\u00f3w Raypath: pranie przed pierwszym u\u017cyciem","description":"Jak aktywowa\u0107 r\u0119kawice i czy\u015bciki Raypath przed pierwszym u\u017cyciem: temperatura, obroty, czego nigdy nie u\u017cywa\u0107 do prania oraz zasady przechowywania.","robots":{"index":"index","follow":"follow","max-snippet":"max-snippet:-1","max-image-preview":"max-image-preview:large","max-video-preview":"max-video-preview:-1"},"canonical":"https:\/\/przestrzenodnowa.pl\/sklep\/porady\/aktywacja-rekawic-i-czyscikow-raypath\/","og_locale":"pl_PL","og_type":"article","og_title":"Aktywacja r\u0119kawic i czy\u015bcik\u00f3w Raypath: pranie przed pierwszym u\u017cyciem","og_description":"Jak aktywowa\u0107 r\u0119kawice i czy\u015bciki Raypath przed pierwszym u\u017cyciem: temperatura, obroty, czego nigdy nie u\u017cywa\u0107 do prania oraz zasady przechowywania.","og_url":"https:\/\/przestrzenodnowa.pl\/sklep\/porady\/aktywacja-rekawic-i-czyscikow-raypath\/","og_site_name":"Przestrze\u0144 Od Nowa Sklep","article_published_time":"2026-08-24T06:15:54+00:00","article_modified_time":"2026-08-28T07:46:19+00:00","og_image":[{"width":1536,"height":1024,"url":"https:\/\/przestrzenodnowa.pl\/sklep\/wp-content\/uploads\/sites\/2\/2026\/08\/aktywacja-rekawic-i-czyscikow-raypath.webp","type":"image\/webp"}],"author":"krzysztof","schema":{"@context":"https:\/\/schema.org","@graph":[{"@type":"Article","@id":"https:\/\/przestrzenodnowa.pl\/sklep\/porady\/aktywacja-rekawic-i-czyscikow-raypath\/#article","isPartOf":{"@id":"https:\/\/przestrzenodnowa.pl\/sklep\/porady\/aktywacja-rekawic-i-czyscikow-raypath\/"},"author":{"name":"krzysztof","@id":"https:\/\/przestrzenodnowa.pl\/sklep\/#\/schema\/person\/0935098b1b74aa3aebcd9ee9406e6dc2"},"headline":"Aktywacja r\u0119kawic i czy\u015bcik\u00f3w Raypath: pranie przed pierwszym u\u017cyciem","datePublished":"2026-08-24T06:15:54+00:00","dateModified":"2026-08-28T07:46:19+00:00","mainEntityOfPage":{"@id":"https:\/\/przestrzenodnowa.pl\/sklep\/porady\/aktywacja-rekawic-i-czyscikow-raypath\/"},"wordCount":1365,"publisher":{"@id":"https:\/\/przestrzenodnowa.pl\/sklep\/#organization"},"image":{"@id":"https:\/\/przestrzenodnowa.pl\/sklep\/porady\/aktywacja-rekawic-i-czyscikow-raypath\/#primaryimage"},"thumbnailUrl":"https:\/\/przestrzenodnowa.pl\/sklep\/wp-content\/uploads\/sites\/2\/2026\/08\/aktywacja-rekawic-i-czyscikow-raypath.webp","inLanguage":"pl-PL"},{"@type":"WebPage","@id":"https:\/\/przestrzenodnowa.pl\/sklep\/porady\/aktywacja-rekawic-i-czyscikow-raypath\/","url":"https:\/\/przestrzenodnowa.pl\/sklep\/porady\/aktywacja-rekawic-i-czyscikow-raypath\/","name":"Aktywacja r\u0119kawic i czy\u015bcik\u00f3w Raypath: pranie przed pierwszym u\u017cyciem","isPartOf":{"@id":"https:\/\/przestrzenodnowa.pl\/sklep\/#website"},"primaryImageOfPage":{"@id":"https:\/\/przestrzenodnowa.pl\/sklep\/porady\/aktywacja-rekawic-i-czyscikow-raypath\/#primaryimage"},"image":{"@id":"https:\/\/przestrzenodnowa.pl\/sklep\/porady\/aktywacja-rekawic-i-czyscikow-raypath\/#primaryimage"},"thumbnailUrl":"https:\/\/przestrzenodnowa.pl\/sklep\/wp-content\/uploads\/sites\/2\/2026\/08\/aktywacja-rekawic-i-czyscikow-raypath.webp","datePublished":"2026-08-24T06:15:54+00:00","dateModified":"2026-08-28T07:46:19+00:00","description":"Jak aktywowa\u0107 r\u0119kawice i czy\u015bciki Raypath przed pierwszym u\u017cyciem: temperatura, obroty, czego nigdy nie u\u017cywa\u0107 do prania oraz zasady przechowywania.","breadcrumb":{"@id":"https:\/\/przestrzenodnowa.pl\/sklep\/porady\/aktywacja-rekawic-i-czyscikow-raypath\/#breadcrumb"},"inLanguage":"pl-PL","potentialAction":[{"@type":"ReadAction","target":["https:\/\/przestrzenodnowa.pl\/sklep\/porady\/aktywacja-rekawic-i-czyscikow-raypath\/"]}]},{"@type":"ImageObject","inLanguage":"pl-PL","@id":"https:\/\/przestrzenodnowa.pl\/sklep\/porady\/aktywacja-rekawic-i-czyscikow-raypath\/#primaryimage","url":"https:\/\/przestrzenodnowa.pl\/sklep\/wp-content\/uploads\/sites\/2\/2026\/08\/aktywacja-rekawic-i-czyscikow-raypath.webp","contentUrl":"https:\/\/przestrzenodnowa.pl\/sklep\/wp-content\/uploads\/sites\/2\/2026\/08\/aktywacja-rekawic-i-czyscikow-raypath.webp","width":1536,"height":1024,"caption":"aktywacja r\u0119kawic i czy\u015bcik\u00f3w raypath"},{"@type":"BreadcrumbList","@id":"https:\/\/przestrzenodnowa.pl\/sklep\/porady\/aktywacja-rekawic-i-czyscikow-raypath\/#breadcrumb","itemListElement":[{"@type":"ListItem","position":1,"name":"Strona g\u0142\u00f3wna","item":"https:\/\/przestrzenodnowa.pl\/sklep\/"},{"@type":"ListItem","position":2,"name":"Aktywacja r\u0119kawic i czy\u015bcik\u00f3w Raypath: pranie przed pierwszym u\u017cyciem"}]},{"@type":"WebSite","@id":"https:\/\/przestrzenodnowa.pl\/sklep\/#website","url":"https:\/\/przestrzenodnowa.pl\/sklep\/","name":"Przestrze\u0144 Od Nowa Sklep","description":"","publisher":{"@id":"https:\/\/przestrzenodnowa.pl\/sklep\/#organization"},"potentialAction":[{"@type":"SearchAction","target":{"@type":"EntryPoint","urlTemplate":"https:\/\/przestrzenodnowa.pl\/sklep\/?s={search_term_string}"},"query-input":{"@type":"PropertyValueSpecification","valueRequired":true,"valueName":"search_term_string"}}],"inLanguage":"pl-PL"},{"@type":"Organization","@id":"https:\/\/przestrzenodnowa.pl\/sklep\/#organization","name":"Przestrze\u0144 Od Nowa Sklep","url":"https:\/\/przestrzenodnowa.pl\/sklep\/","logo":{"@type":"ImageObject","inLanguage":"pl-PL","@id":"https:\/\/przestrzenodnowa.pl\/sklep\/#\/schema\/logo\/image\/","url":"https:\/\/przestrzenodnowa.pl\/sklep\/wp-content\/uploads\/sites\/2\/2025\/08\/logo-przestrzenodnowa-sklep.png","contentUrl":"https:\/\/przestrzenodnowa.pl\/sklep\/wp-content\/uploads\/sites\/2\/2025\/08\/logo-przestrzenodnowa-sklep.png","width":703,"height":235,"caption":"Przestrze\u0144 Od Nowa Sklep"},"image":{"@id":"https:\/\/przestrzenodnowa.pl\/sklep\/#\/schema\/logo\/image\/"}},{"@type":"Person","@id":"https:\/\/przestrzenodnowa.pl\/sklep\/#\/schema\/person\/0935098b1b74aa3aebcd9ee9406e6dc2","name":"krzysztof","image":{"@type":"ImageObject","inLanguage":"pl-PL","@id":"https:\/\/secure.gravatar.com\/avatar\/2206547255647f10982b40a12f13dd79d412e9af469d13724ba9f1a1c0c93140?s=96&d=mm&r=g","url":"https:\/\/secure.gravatar.com\/avatar\/2206547255647f10982b40a12f13dd79d412e9af469d13724ba9f1a1c0c93140?s=96&d=mm&r=g","contentUrl":"https:\/\/secure.gravatar.com\/avatar\/2206547255647f10982b40a12f13dd79d412e9af469d13724ba9f1a1c0c93140?s=96&d=mm&r=g","caption":"krzysztof"}}]}},"acf":[],"_links":{"self":[{"href":"https:\/\/przestrzenodnowa.pl\/sklep\/wp-json\/wp\/v2\/posts\/4564","targetHints":{"allow":["GET"]}}],"collection":[{"href":"https:\/\/przestrzenodnowa.pl\/sklep\/wp-json\/wp\/v2\/posts"}],"about":[{"href":"https:\/\/przestrzenodnowa.pl\/sklep\/wp-json\/wp\/v2\/types\/post"}],"author":[{"embeddable":true,"href":"https:\/\/przestrzenodnowa.pl\/sklep\/wp-json\/wp\/v2\/users\/14"}],"replies":[{"embeddable":true,"href":"https:\/\/przestrzenodnowa.pl\/sklep\/wp-json\/wp\/v2\/comments?post=4564"}],"version-history":[{"count":1,"href":"https:\/\/przestrzenodnowa.pl\/sklep\/wp-json\/wp\/v2\/posts\/4564\/revisions"}],"predecessor-version":[{"id":4567,"href":"https:\/\/przestrzenodnowa.pl\/sklep\/wp-json\/wp\/v2\/posts\/4564\/revisions\/4567"}],"wp:featuredmedia":[{"embeddable":true,"href":"https:\/\/przestrzenodnowa.pl\/sklep\/wp-json\/wp\/v2\/media\/4566"}],"wp:attachment":[{"href":"https:\/\/przestrzenodnowa.pl\/sklep\/wp-json\/wp\/v2\/media?parent=4564"}],"wp:term":[{"taxonomy":"category","embeddable":true,"href":"https:\/\/przestrzenodnowa.pl\/sklep\/wp-json\/wp\/v2\/categories?post=4564"},{"taxonomy":"post_tag","embeddable":true,"href":"https:\/\/przestrzenodnowa.pl\/sklep\/wp-json\/wp\/v2\/tags?post=4564"}],"curies":[{"name":"wp","href":"https:\/\/api.w.org\/{rel}","templated":true}]}}